{"id":1909,"date":"2024-10-10T08:25:26","date_gmt":"2024-10-10T11:25:26","guid":{"rendered":"https:\/\/culturafm94.com.br\/site\/?p=1909"},"modified":"2024-10-10T08:25:26","modified_gmt":"2024-10-10T11:25:26","slug":"forro-pe-de-serra-e-cultura","status":"publish","type":"post","link":"https:\/\/culturafm94.com.br\/site\/forro-pe-de-serra-e-cultura\/","title":{"rendered":"Forr\u00f3 p\u00e9-de-serra \u00e9 cultura"},"content":{"rendered":"<p>Forr\u00f3 p\u00e9-de-serra \u00e9 cultura<\/p>\n","protected":false},"excerpt":{"rendered":"<p>Forr\u00f3 p\u00e9-de-serra \u00e9 cultura<\/p>\n","protected":false},"author":2,"featured_media":1896,"comment_status":"open","ping_status":"open","sticky":false,"template":"","format":"standard","meta":{"footnotes":""},"categories":[40],"tags":[],"class_list":["post-1909","post","type-post","status-publish","format-standard","has-post-thumbnail","hentry","category-noticias"],"_links":{"self":[{"href":"https:\/\/culturafm94.com.br\/site\/wp-json\/wp\/v2\/posts\/1909","targetHints":{"allow":["GET"]}}],"collection":[{"href":"https:\/\/culturafm94.com.br\/site\/wp-json\/wp\/v2\/posts"}],"about":[{"href":"https:\/\/culturafm94.com.br\/site\/wp-json\/wp\/v2\/types\/post"}],"author":[{"embeddable":true,"href":"https:\/\/culturafm94.com.br\/site\/wp-json\/wp\/v2\/users\/2"}],"replies":[{"embeddable":true,"href":"https:\/\/culturafm94.com.br\/site\/wp-json\/wp\/v2\/comments?post=1909"}],"version-history":[{"count":1,"href":"https:\/\/culturafm94.com.br\/site\/wp-json\/wp\/v2\/posts\/1909\/revisions"}],"predecessor-version":[{"id":1910,"href":"https:\/\/culturafm94.com.br\/site\/wp-json\/wp\/v2\/posts\/1909\/revisions\/1910"}],"wp:featuredmedia":[{"embeddable":true,"href":"https:\/\/culturafm94.com.br\/site\/wp-json\/wp\/v2\/media\/1896"}],"wp:attachment":[{"href":"https:\/\/culturafm94.com.br\/site\/wp-json\/wp\/v2\/media?parent=1909"}],"wp:term":[{"taxonomy":"category","embeddable":true,"href":"https:\/\/culturafm94.com.br\/site\/wp-json\/wp\/v2\/categories?post=1909"},{"taxonomy":"post_tag","embeddable":true,"href":"https:\/\/culturafm94.com.br\/site\/wp-json\/wp\/v2\/tags?post=1909"}],"curies":[{"name":"wp","href":"https:\/\/api.w.org\/{rel}","templated":true}]}}